{"id":5681,"date":"2020-06-29T12:02:21","date_gmt":"2020-06-29T10:02:21","guid":{"rendered":"https:\/\/sangiovannidecollato.it\/?p=5681"},"modified":"2020-06-29T12:02:22","modified_gmt":"2020-06-29T10:02:22","slug":"la-pera-doro-di-fran-milcinski-e-il-potere-della-fiaba","status":"publish","type":"post","link":"https:\/\/sangiovannidecollato.it\/index.php\/2020\/06\/29\/la-pera-doro-di-fran-milcinski-e-il-potere-della-fiaba\/","title":{"rendered":"La pera d\u2019oro di Fran Mil\u010dinski e il potere della fiaba"},"content":{"rendered":"\n<p>Giovedi\u2019 2 luglio alle ore 18.00 avr\u00e0 luogo la presentazione a distanza della fiaba slovena <em>La pera d\u2019oro<\/em>, scritta da Fran Mil\u010dinski (1867-1932), tradotta ora in italiano per la prima volta da Elena Cerkveni\u010d, che verr\u00e0 pubblicata sulla rivista letteraria online <em>Fare Voci. <\/em>L\u2019incontro culturale dal titolo \u201d<em>La pera d\u2019oro<\/em> di Fran Mil\u010dinski e il potere della fiaba\u201d nasce nella cornice del Maggio dei Libri 2020.&nbsp; Oltre alla traduttrice della fiaba Elena Cerkveni\u010d, parteciperanno al dibattito la prof. Cristina Benussi, la psicologa Nevia Monaco, e altre personalit\u00e0 del mondo culturale triestino. La fiaba fa parte dei <em>Libri<\/em> <em>salvati<\/em>, essendo stata censurata e proibita durante il regime fascista.<\/p>\n\n\n\n<p>Era il 2 ottobre 1934 quando la polizia sequestr\u00f2 nella tipografia della casa editrice Gori\u0161ka Mohorjeva dru\u017eba di Gorizia l\u2019intera tiratura della raccolta di fiabe <em>Zlata hru\u0161ka<\/em> &#8211; La pera d\u2019oro. Ne sono conservati oggi solo tre esemplari, uno dei quali presso la biblioteca Du\u0161an \u010cerne di Trieste (vedi foto della copertina in allegato).&nbsp; La fiaba usc\u00ec per la prima volta nella raccolta <em>Tolovaj Mataj<\/em> nel 1917, quando non vi era ancora il clima politico di terrore nei confronti del popolo sloveno che sarebbe incominciato nel 1920 con l&#8217;incendio del Narodni dom, fatto di cui ricorre quest&#8217;anno il centenario.<\/p>\n\n\n\n<p>Nella fiaba <em>La pera d\u2019oro<\/em> c\u2019\u00e8 un re che promette la propria figlia in sposa e la met\u00e0 del proprio regno a chi riesca a portargli la pera d\u2019oro che si trova sulla sommit\u00e0 irragiungibile di un altissimo e magico albero del suo giardino ma il protagonista principale \u00e8 un pastorello che dopo mille vicissitudini riesce a portare al re la pera d\u2019oro. Ottiene cos\u00ec il premio ma perde la libert\u00e0 di parlare per denunciare i tentativi disonesti fatti dal re per non mantenere la promessa. E\u2019 un finale che fa venire in mente la proibizione per il popolo sloveno di parlare la propria lingua, la situazione di repressione fascista.<\/p>\n\n\n\n<p>Cristina Benussi, professore ordinario di letteratura italiana contemporanea presso l\u2019universit\u00e0 degli studi di Trieste, parler\u00e0 del valore culturale e letterario della fiaba che valuta cos\u00ec: \u201cLa fiaba <em>La pera d\u2019oro<\/em> \u00e8 bella ed \u00e8 metafora del potere che vuole vincere sempre e pu\u00f2 essere ostacolato dalla verit\u00e0 e da chi la proclama&#8230; La lingua legata \u00e8 la condizione di chi ne accetta i favori. E&#8217; una fiaba magico-antropologica con tutti gli elementi canonici.\u201d.<\/p>\n\n\n\n<p>Le fiabe agiscono nei bambini a livello conscio e inconscio, modellano e rimodellano il loro pensiero. Come? In che misura? A questo proposito interverr\u00e0 la dott.ssa Nevia Monaco, psicologa e psicoterapeuta, che parler\u00e0 dei meccanismi con cui una fiaba pu\u00f2 stimolare l&#8217;intelligenza di un bambino e influenzarne la formazione.<\/p>\n\n\n\n<p>L&#8217;incontro si svolger\u00e0 in lingua italiana con la possibilit\u00e0 di interventi bilingui, sloveno e italiano.<\/p>\n\n\n\n<p>L&#8217;organizzazione \u00e8 a cura del Centro Italiano Femminile con la collaborazione di Elena Cerkveni\u010d. Per partecipare ci si potr\u00e0 collegare al seguente link:<\/p>\n\n\n\n<p>&#8212;&nbsp;Join Zoom Meeting<\/p>\n\n\n\n<p><a href=\"https:\/\/us02web.zoom.us\/j\/87052357279?pwd=TUlTYUk5cWU5ajFiZHQ0cyt3L2w2UT09\">https:\/\/us02web.zoom.us\/j\/87052357279?pwd=TUlTYUk5cWU5ajFiZHQ0cyt3L2w2UT09<\/a><\/p>\n\n\n\n<p>Meeting ID: 870 5235 7279<\/p>\n\n\n\n<p>Password: 447475<\/p>\n\n\n\n<p>L\u2019iniziativa viene realizzata con il sostegno della Biblioteca rionale Fabio Saffi.<\/p>\n","protected":false},"excerpt":{"rendered":"<p>Giovedi\u2019 2 luglio alle ore 18.00 avr\u00e0 luogo la presentazione a distanza della fiaba slovena La pera d\u2019oro, scritta da Fran Mil\u010dinski (1867-1932), tradotta ora in italiano per la prima volta da Elena Cerkveni\u010d, che verr\u00e0 pubblicata sulla rivista letteraria online Fare Voci. L\u2019incontro culturale dal titolo \u201dLa pera d\u2019oro di Fran Mil\u010dinski e il [&hellip;]<\/p>\n","protected":false},"author":2,"featured_media":5683,"comment_status":"closed","ping_status":"open","sticky":false,"template":"","format":"standard","meta":{"inline_featured_image":false,"_monsterinsights_skip_tracking":false,"_monsterinsights_sitenote_active":false,"_monsterinsights_sitenote_note":"","_monsterinsights_sitenote_category":0,"footnotes":""},"categories":[57],"tags":[],"class_list":["post-5681","post","type-post","status-publish","format-standard","has-post-thumbnail","hentry","category-notizie"],"_links":{"self":[{"href":"https:\/\/sangiovannidecollato.it\/index.php\/wp-json\/wp\/v2\/posts\/5681","targetHints":{"allow":["GET"]}}],"collection":[{"href":"https:\/\/sangiovannidecollato.it\/index.php\/wp-json\/wp\/v2\/posts"}],"about":[{"href":"https:\/\/sangiovannidecollato.it\/index.php\/wp-json\/wp\/v2\/types\/post"}],"author":[{"embeddable":true,"href":"https:\/\/sangiovannidecollato.it\/index.php\/wp-json\/wp\/v2\/users\/2"}],"replies":[{"embeddable":true,"href":"https:\/\/sangiovannidecollato.it\/index.php\/wp-json\/wp\/v2\/comments?post=5681"}],"version-history":[{"count":1,"href":"https:\/\/sangiovannidecollato.it\/index.php\/wp-json\/wp\/v2\/posts\/5681\/revisions"}],"predecessor-version":[{"id":5684,"href":"https:\/\/sangiovannidecollato.it\/index.php\/wp-json\/wp\/v2\/posts\/5681\/revisions\/5684"}],"wp:featuredmedia":[{"embeddable":true,"href":"https:\/\/sangiovannidecollato.it\/index.php\/wp-json\/wp\/v2\/media\/5683"}],"wp:attachment":[{"href":"https:\/\/sangiovannidecollato.it\/index.php\/wp-json\/wp\/v2\/media?parent=5681"}],"wp:term":[{"taxonomy":"category","embeddable":true,"href":"https:\/\/sangiovannidecollato.it\/index.php\/wp-json\/wp\/v2\/categories?post=5681"},{"taxonomy":"post_tag","embeddable":true,"href":"https:\/\/sangiovannidecollato.it\/index.php\/wp-json\/wp\/v2\/tags?post=5681"}],"curies":[{"name":"wp","href":"https:\/\/api.w.org\/{rel}","templated":true}]}}