{"id":5713,"date":"2020-06-30T17:41:02","date_gmt":"2020-06-30T15:41:02","guid":{"rendered":"https:\/\/sangiovannidecollato.it\/?p=5713"},"modified":"2020-06-30T17:41:03","modified_gmt":"2020-06-30T15:41:03","slug":"la-vigilia-della-festivita-di-san-giovanni","status":"publish","type":"post","link":"https:\/\/sangiovannidecollato.it\/index.php\/2020\/06\/30\/la-vigilia-della-festivita-di-san-giovanni\/","title":{"rendered":"La Vigilia della festivit\u00e0 di San Giovanni"},"content":{"rendered":"\n<p><img loading=\"lazy\" decoding=\"async\" width=\"32\" height=\"32\" class=\"wp-image-4644\" style=\"width: 32px;\" src=\"https:\/\/sangiovannidecollato.it\/wp-content\/uploads\/2020\/05\/Italy.png\" alt=\"\"><\/p>\n\n\n\n<p>Nel Consiglio pastorale parrocchiale ci siamo quest\u2019anno messi d\u2019accordo sulle modalit\u00e0 da attuare vista la situazione particolare dovuta alla pandemia Covid 19.<\/p>\n\n\n\n<p>La vigilia del Santo Patrono ci ha visto festeggiare nella chiesa parrocchiale con le due sante Messe delle 18.30 in lingua italiana e delle ore 20.00 in lingua slovena.<\/p>\n\n\n\n<p>Il tradizionale fuoco di San Giovanni ci ha riuniti tutti assieme in oratorio alle ore 21.00. Il nostro parrocco, don Sergio Frausin e don Toma\u017e Kunaver hanno salutato e benedetto tutti i presenti. L\u2019accensione del fuoco rappresenta quest\u2019anno un simbolo di ripresa delle attivit\u00e0 dopo la lunga quarantena. E\u2019 stata pure presentata e inaugurata la nuova pagina web della parrocchia <a href=\"https:\/\/sangiovannidecollato.it\/\">https:\/\/sangiovannidecollato.it\/<\/a> dove tutti siamo invitati a collaborare. La situazione attuale non ci ha permesso di organizzare la tradizionale sagra ma il calore del fuoco e dell\u2019amicizia sono stati eccezionali e alla fine tutti siamo ritornati a casa pieni di serenit\u00e0 e spirito fraterno. <\/p>\n\n\n\n<p><em><strong>Francesco Biancuzzi<\/strong><\/em><\/p>\n\n\n\n<p><img loading=\"lazy\" decoding=\"async\" width=\"32\" height=\"32\" class=\"wp-image-4643\" style=\"width: 32px;\" src=\"https:\/\/sangiovannidecollato.it\/wp-content\/uploads\/2020\/05\/Slovenia.png\" alt=\"\"><\/p>\n\n\n\n<h2 class=\"has-text-align-left wp-block-heading\"><strong>Vigilija sv. Ivana \u2013 torek, 23. junija 2020<\/strong><\/h2>\n\n\n\n<p>V \u017eupnijskem pastoralnem svetu smo se letos ob posebnih razmerah pandemije Covida 19, zelo skrbno in natan\u010dno menili kako bomo izpeljali praznovanja na\u0161ega farnega zavetnika sv. Ivana.<\/p>\n\n\n\n<p>Na vigilijo, v torek, 23. junija 2020, smo v \u017eupniji organizirali dve sveti ma\u0161i; ob 18.30 v italijanskem jeziku in ob 20. uri v slovenskem jeziku. Leto\u0161nja posebnost je, da je bila sveta ma\u0161a v \u017eupnijski cerkvi in ne, kot je bila \u017ee ustaljena navada, v doma\u010di stari cerkvici sv. Ivana in Pelagija. To zaradi spo\u0161tovanja vseh predpisov proti \u0161irjenju novega koronavirusa. Sveto ma\u0161o sta darovala gospod Milan Nemac in gospod Toma\u017e Kunaver.<\/p>\n\n\n\n<p>V \u017eupnijskem svetu smo se odlo\u010dili, da bomo organizirali tradicionalno kresovanje v oratoriju za celotno \u017eupnijsko skupnost sv. Ivana. Na vigilijo sv. Ivana smo se zbrali ob 21. uri okoli 150 \u017eupljanov v \u017eupnijskem oratoriju na ulici San Cilino. \u017dupnik, gospod Sergio Frausin, v italijan\u0161\u010dini in gospod Toma\u017e Kunaver v sloven\u0161\u010dini sta pozdravila vse prisotne ter sta za\u017eelela vsem \u017eupljanom ob pri\u017eigu tradicionalnega svetoivanskega kresa obilo bo\u017ejega blagoslova ter ponovnega za\u017eivetja dejavnosti v \u017eupniji po pre\u017eivetem \u010dasu v karanteni.<\/p>\n\n\n\n<p>Gospod Toma\u017e Kunaver je ob tej prilo\u017enosti otvoril novo \u017eupnijsko spletno stran <a href=\"https:\/\/sangiovannidecollato.it\/\">https:\/\/sangiovannidecollato.it\/<\/a><\/p>\n\n\n\n<p>Vsi smo toplo vabljeni k pisanju ali k prevajanju tekstov in \u010dlankov v sloven\u0161\u010dino.<\/p>\n\n\n\n<p>Skupaj smo zmolili, nato je sledil pri\u017eig kresa. V hipu so ognjeni zublji dosegli lepo vi\u0161ino, tako da je bilo opazovanje kresa zelo zanimivo. Letos zaradi posebnih razmer nismo ponujali nikakr\u0161ne hrane, tako da se je kresovanje po pribli\u017eno uri in pol zaklju\u010dilo ob velikem navdu\u0161enju vseh udele\u017eencev.<\/p>\n\n\n\n<p><em><strong>Franc Biancuzzi<\/strong><\/em><\/p>\n\n\n\n<div class=\"rl-gallery-container rl-loading\" id=\"rl-gallery-container-1\" data-gallery_id=\"5714\"> <div class=\"rl-gallery rl-basicmasonry-gallery \" id=\"rl-gallery-1\" data-gallery_no=\"1\"> <div class=\"rl-gutter-sizer\"><\/div><div class=\"rl-grid-sizer\"><\/div> <div class=\"rl-gallery-item rl-gallery-item-width-4\" > <div class=\"rl-gallery-item-content\"> <a href=\"https:\/\/sangiovannidecollato.it\/wp-content\/uploads\/2020\/06\/IMG_5659_.jpg\" title=\"\" data-rl_title=\"\" class=\"rl-gallery-link\" data-rl_caption=\"\" data-rel=\"lightbox-gallery-1\"><img loading=\"lazy\" decoding=\"async\" src=\"https:\/\/sangiovannidecollato.it\/wp-content\/uploads\/2020\/06\/IMG_5659_-300x200.jpg\" width=\"300\" height=\"200\" alt=\"\" \/><\/a> <\/div> <\/div> <div class=\"rl-gallery-item\" > <div class=\"rl-gallery-item-content\"> <a href=\"https:\/\/sangiovannidecollato.it\/wp-content\/uploads\/2020\/06\/IMG_5642_.jpg\" title=\"\" data-rl_title=\"\" class=\"rl-gallery-link\" data-rl_caption=\"\" data-rel=\"lightbox-gallery-1\"><img loading=\"lazy\" decoding=\"async\" src=\"https:\/\/sangiovannidecollato.it\/wp-content\/uploads\/2020\/06\/IMG_5642_-300x200.jpg\" width=\"300\" height=\"200\" alt=\"\" \/><\/a> <\/div> <\/div> <div class=\"rl-gallery-item\" > <div class=\"rl-gallery-item-content\"> <a href=\"https:\/\/sangiovannidecollato.it\/wp-content\/uploads\/2020\/06\/IMG_5640_.jpg\" title=\"\" data-rl_title=\"\" class=\"rl-gallery-link\" data-rl_caption=\"\" data-rel=\"lightbox-gallery-1\"><img loading=\"lazy\" decoding=\"async\" src=\"https:\/\/sangiovannidecollato.it\/wp-content\/uploads\/2020\/06\/IMG_5640_-300x200.jpg\" width=\"300\" height=\"200\" alt=\"\" \/><\/a> <\/div> <\/div> <div class=\"rl-gallery-item\" > <div class=\"rl-gallery-item-content\"> <a href=\"https:\/\/sangiovannidecollato.it\/wp-content\/uploads\/2020\/06\/IMG_5613_.jpg\" title=\"\" data-rl_title=\"\" class=\"rl-gallery-link\" data-rl_caption=\"\" data-rel=\"lightbox-gallery-1\"><img loading=\"lazy\" decoding=\"async\" src=\"https:\/\/sangiovannidecollato.it\/wp-content\/uploads\/2020\/06\/IMG_5613_-200x300.jpg\" width=\"200\" height=\"300\" alt=\"\" \/><\/a> <\/div> <\/div> <div class=\"rl-gallery-item\" > <div class=\"rl-gallery-item-content\"> <a href=\"https:\/\/sangiovannidecollato.it\/wp-content\/uploads\/2020\/06\/IMG_5540_.jpg\" title=\"\" data-rl_title=\"\" class=\"rl-gallery-link\" data-rl_caption=\"\" data-rel=\"lightbox-gallery-1\"><img loading=\"lazy\" decoding=\"async\" src=\"https:\/\/sangiovannidecollato.it\/wp-content\/uploads\/2020\/06\/IMG_5540_-200x300.jpg\" width=\"200\" height=\"300\" alt=\"\" \/><\/a> <\/div> <\/div> <div class=\"rl-gallery-item\" > <div class=\"rl-gallery-item-content\"> <a href=\"https:\/\/sangiovannidecollato.it\/wp-content\/uploads\/2020\/06\/IMG20200623212630_.jpg\" title=\"\" data-rl_title=\"\" class=\"rl-gallery-link\" data-rl_caption=\"\" data-rel=\"lightbox-gallery-1\"><img loading=\"lazy\" decoding=\"async\" src=\"https:\/\/sangiovannidecollato.it\/wp-content\/uploads\/2020\/06\/IMG20200623212630_-300x225.jpg\" width=\"300\" height=\"225\" alt=\"\" \/><\/a> <\/div> <\/div> <div class=\"rl-gallery-item\" > <div class=\"rl-gallery-item-content\"> <a href=\"https:\/\/sangiovannidecollato.it\/wp-content\/uploads\/2020\/06\/IMG_20200624_123340_625.jpg\" title=\"\" data-rl_title=\"\" class=\"rl-gallery-link\" data-rl_caption=\"\" data-rel=\"lightbox-gallery-1\"><img loading=\"lazy\" decoding=\"async\" src=\"https:\/\/sangiovannidecollato.it\/wp-content\/uploads\/2020\/06\/IMG_20200624_123340_625-240x300.jpg\" width=\"240\" height=\"300\" alt=\"\" \/><\/a> <\/div> <\/div> <\/div> <\/div>\n","protected":false},"excerpt":{"rendered":"<p>Nel Consiglio pastorale parrocchiale ci siamo quest\u2019anno messi d\u2019accordo sulle modalit\u00e0 da attuare vista la situazione particolare dovuta alla pandemia Covid 19. La vigilia del Santo Patrono ci ha visto festeggiare nella chiesa parrocchiale con le due sante Messe delle 18.30 in lingua italiana e delle ore 20.00 in lingua slovena. Il tradizionale fuoco di [&hellip;]<\/p>\n","protected":false},"author":2,"featured_media":5723,"comment_status":"closed","ping_status":"open","sticky":false,"template":"","format":"standard","meta":{"inline_featured_image":false,"_monsterinsights_skip_tracking":false,"_monsterinsights_sitenote_active":false,"_monsterinsights_sitenote_note":"","_monsterinsights_sitenote_category":0,"footnotes":""},"categories":[57],"tags":[],"class_list":["post-5713","post","type-post","status-publish","format-standard","has-post-thumbnail","hentry","category-notizie"],"_links":{"self":[{"href":"https:\/\/sangiovannidecollato.it\/index.php\/wp-json\/wp\/v2\/posts\/5713","targetHints":{"allow":["GET"]}}],"collection":[{"href":"https:\/\/sangiovannidecollato.it\/index.php\/wp-json\/wp\/v2\/posts"}],"about":[{"href":"https:\/\/sangiovannidecollato.it\/index.php\/wp-json\/wp\/v2\/types\/post"}],"author":[{"embeddable":true,"href":"https:\/\/sangiovannidecollato.it\/index.php\/wp-json\/wp\/v2\/users\/2"}],"replies":[{"embeddable":true,"href":"https:\/\/sangiovannidecollato.it\/index.php\/wp-json\/wp\/v2\/comments?post=5713"}],"version-history":[{"count":6,"href":"https:\/\/sangiovannidecollato.it\/index.php\/wp-json\/wp\/v2\/posts\/5713\/revisions"}],"predecessor-version":[{"id":5740,"href":"https:\/\/sangiovannidecollato.it\/index.php\/wp-json\/wp\/v2\/posts\/5713\/revisions\/5740"}],"wp:featuredmedia":[{"embeddable":true,"href":"https:\/\/sangiovannidecollato.it\/index.php\/wp-json\/wp\/v2\/media\/5723"}],"wp:attachment":[{"href":"https:\/\/sangiovannidecollato.it\/index.php\/wp-json\/wp\/v2\/media?parent=5713"}],"wp:term":[{"taxonomy":"category","embeddable":true,"href":"https:\/\/sangiovannidecollato.it\/index.php\/wp-json\/wp\/v2\/categories?post=5713"},{"taxonomy":"post_tag","embeddable":true,"href":"https:\/\/sangiovannidecollato.it\/index.php\/wp-json\/wp\/v2\/tags?post=5713"}],"curies":[{"name":"wp","href":"https:\/\/api.w.org\/{rel}","templated":true}]}}