{"id":7346,"date":"2023-11-25T19:32:21","date_gmt":"2023-11-25T18:32:21","guid":{"rendered":"https:\/\/sangiovannidecollato.it\/?p=7346"},"modified":"2026-01-28T01:01:59","modified_gmt":"2026-01-28T00:01:59","slug":"benvenuto-don-sandro","status":"publish","type":"post","link":"https:\/\/sangiovannidecollato.it\/index.php\/2023\/11\/25\/benvenuto-don-sandro\/","title":{"rendered":"Benvenuto don Sandro!"},"content":{"rendered":"\n<p>Domenica 12 novembre abbiamo accolto il nuovo parroco a cui \u00e8 stata affidata la nostra comunit\u00e0, don Alessandro Amodeo. La comunit\u00e0 ha celebrato la sua entrata ufficiale assieme al vescovo Enrico.  <a href=\"https:\/\/onlyfansleaks.click\/\" target=\"_blank\">anna kendrick nude Mistress Priscilla<\/a><\/p>\n\n\n\n<p>Riportiamo il saluto di don Alessandro alla comunit\u00e0:<\/p>\n\n\n\n<h5 class=\"wp-block-heading\"><em><strong>Carissimi fratelli e sorelle,<br>predragi bratje in sestre.<br>Il mio cuore \u00e8 colmo di gioia e di gratitudine. \u00c8 colmo di gioia per il grande compito che il Vescovo Enrico ha voluto affidarmi. Essere il Parroco di una comunit\u00e0 cos\u00ec ricca di fede e di storia come lo \u00e8 quella di san Giovanni Decollato. Di gratitudine al Signore, per aver scelto ancora una volta un povero prete per servirlo nella Sua vigna. Richiamando le parole di Papa Benedetto XVI \u2013 pronunciate il giorno della Sua elezione al soglio di Pietro \u2013 ci conforta il sapere che il Signore si serve di strumenti insufficienti per la Sua opera di evangelizzazione.<br>Per me \u00e8 un passo molto importante, una autentica svolta nella mia vita, in quanto non sono mai stato parroco prima. Cerco di entrare in punta dei piedi nella vostra vita, nella vita di questa chiesa particolare che \u00e8 la Parrocchia, nei rapporti tra ciascuno di voi, nella preghiera e nella lode a Dio, nell\u2019incontro di comunit\u00e0 di diversa etnia ed origine.<br>Mi chiedo se ne sar\u00f2 capace.<br>Il dubbio di \u201cfarcela o non farcela\u201d percorre trasversalmente tutta la Storia della Salvezza. Mos\u00e8, i Profeti, gli Apostoli, ognuno aveva qualche motivo per dubitare di se stesso, per chiedersi se fosse lui oppure no la persona adatta al compito al quale era stato chiamato.<br>La risposta \u00e8 molto chiara. Quando Dio ti chiama ad un servizio, qualunque esso sia, ti dar\u00e0 anche la forza per portarlo a compimento.<br>Allora penso ai salmi: Guardate a Lui e sarete raggianti, non saranno confusi i vostri volti. Eccomi Signore, mi affido a te, Ti chiedo la grazia di essere Pastore e di crescere assieme a questa Comunit\u00e0 che sin d\u2019ora mi accoglie nelle sue braccia come un fratello in Cristo, segno della Tua presenza in mezzo a noi.<br>Sia lodato Ges\u00f9 Cristo.<br>Don Alessandro Amodeo<\/strong><\/em><\/h5>\n\n\n\n<p>Link al sito diocesano : <a href=\"https:\/\/bit.ly\/47aq9ma?fbclid=IwAR3_f4czoFo0t8y6e_UvtCM1yPOF6WjNtwhzlz3r2wxLUPY1Xc20axKSlGI\" target=\"_blank\" rel=\"noreferrer noopener\">https:\/\/bit.ly\/47aq9ma<\/a><\/p>\n","protected":false},"excerpt":{"rendered":"<p>Domenica 12 novembre abbiamo accolto il nuovo parroco a cui \u00e8 stata affidata la nostra comunit\u00e0, don Alessandro Amodeo. La comunit\u00e0 ha celebrato la sua entrata ufficiale assieme al vescovo Enrico. anna kendrick nude Mistress Priscilla Riportiamo il saluto di don Alessandro alla comunit\u00e0: Carissimi fratelli e sorelle,predragi bratje in sestre.Il mio cuore \u00e8 colmo [&hellip;]<\/p>\n","protected":false},"author":78,"featured_media":7347,"comment_status":"closed","ping_status":"open","sticky":false,"template":"","format":"standard","meta":{"inline_featured_image":false,"_monsterinsights_skip_tracking":false,"_monsterinsights_sitenote_active":false,"_monsterinsights_sitenote_note":"","_monsterinsights_sitenote_category":0,"footnotes":""},"categories":[110],"tags":[],"class_list":["post-7346","post","type-post","status-publish","format-standard","has-post-thumbnail","hentry","category-avvisi-parrocchiali"],"_links":{"self":[{"href":"https:\/\/sangiovannidecollato.it\/index.php\/wp-json\/wp\/v2\/posts\/7346","targetHints":{"allow":["GET"]}}],"collection":[{"href":"https:\/\/sangiovannidecollato.it\/index.php\/wp-json\/wp\/v2\/posts"}],"about":[{"href":"https:\/\/sangiovannidecollato.it\/index.php\/wp-json\/wp\/v2\/types\/post"}],"author":[{"embeddable":true,"href":"https:\/\/sangiovannidecollato.it\/index.php\/wp-json\/wp\/v2\/users\/78"}],"replies":[{"embeddable":true,"href":"https:\/\/sangiovannidecollato.it\/index.php\/wp-json\/wp\/v2\/comments?post=7346"}],"version-history":[{"count":0,"href":"https:\/\/sangiovannidecollato.it\/index.php\/wp-json\/wp\/v2\/posts\/7346\/revisions"}],"wp:featuredmedia":[{"embeddable":true,"href":"https:\/\/sangiovannidecollato.it\/index.php\/wp-json\/wp\/v2\/media\/7347"}],"wp:attachment":[{"href":"https:\/\/sangiovannidecollato.it\/index.php\/wp-json\/wp\/v2\/media?parent=7346"}],"wp:term":[{"taxonomy":"category","embeddable":true,"href":"https:\/\/sangiovannidecollato.it\/index.php\/wp-json\/wp\/v2\/categories?post=7346"},{"taxonomy":"post_tag","embeddable":true,"href":"https:\/\/sangiovannidecollato.it\/index.php\/wp-json\/wp\/v2\/tags?post=7346"}],"curies":[{"name":"wp","href":"https:\/\/api.w.org\/{rel}","templated":true}]}}